{"id":1478,"date":"2017-11-22T20:22:41","date_gmt":"2017-11-22T18:22:41","guid":{"rendered":"http:\/\/kiltsimois.ee\/rbd\/?p=1478"},"modified":"2017-11-22T23:35:28","modified_gmt":"2017-11-22T21:35:28","slug":"25-30-oktoobrini-voorustas-kiltsi-pohikool-erasmus-projektipartnereid-2","status":"publish","type":"post","link":"https:\/\/kiltsimois.ee\/rbd\/2017\/11\/22\/25-30-oktoobrini-voorustas-kiltsi-pohikool-erasmus-projektipartnereid-2\/","title":{"rendered":"25.- 30. oktoobrini v\u00f5\u00f5rustas Kiltsi P\u00f5hikool Erasmus+ projektipartnereid&#8230;"},"content":{"rendered":"<p><span style=\"font-family: 'times new roman', times, serif; font-size: 12pt;\">25.- 30. oktoobrini v\u00f5\u00f5rustas Kiltsi P\u00f5hikool Erasmus+ projektipartnereid Bulgaariast, Hispaaniast, Itaaliast ja Portugalist. Esimesele kohtumisele saabusid \u201eRichness by diversity\u201c projekti koordinaatorid, \u00f5petajad ja koolide direktorid. Juba lennujaamas oli elevust palju, sest saabujaid tervitas esimene lumi.<\/span><\/p>\n<p><!--more--><\/p>\n<div class=\"entry-content\">\n<p><span style=\"font-family: 'times new roman', times, serif; font-size: 12pt;\">Projektikohtumise k\u00f5ige olulisem p\u00e4ev oli reede, kus \u00fchise laua taga t\u00e4psustati projekti eesm\u00e4rke, r\u00e4\u00e4giti l\u00e4bi kodused \u00fclesanded ning tehti plaane projekti tulemuste levitamise kohta. \u00dchiselt lepiti kokku veel sel \u00f5ppeaastal Itaalias ja Portugalis toimuvate projektikohtumiste kuup\u00e4evad. P\u00e4rast tulist arutelu kinnitati keha ja suunduti tutvuma Vao Varjupaigataotlejate Majutuskeskusega. Sealsest t\u00f6\u00f6st andis \u00fclevaate keskuse juhataja Jana Selesneva. P\u00e4eva l\u00f5pus kogunesime veel Kiltsi m\u00f5isas ja panime paika j\u00e4rgmiste p\u00e4evade plaanid.<\/span><\/p>\n<p><span style=\"font-family: 'times new roman', times, serif; font-size: 12pt;\">N\u00e4dalavahetuse p\u00fchendasime kohaliku elu tutvustamisele. Matkasime lumises Endla rabas ja imetlesime vaadet Emum\u00e4e tornist. Ilm oli m\u00f5nusalt talvine ning meeled olid r\u00f5\u00f5msad. Lisaks projektijuttudele vahetasime m\u00f5tteid ka \u00f5petajat\u00f6\u00f6st erinevate riikide n\u00e4idetel. Keha kinnitasime kauni Sinij\u00e4rve kaldal. Seej\u00e4rel kiirustasime s\u00f5rmi ja varbaid soojendama Kaarli talu sooja leivatuppa, kus Kadri Kopso tutvustas leiva k\u00fcpsetamist ja ka k\u00fclalised said seda ka ise proovida. Elevust ja v\u00f5iks \u00f6elda, et lausa l\u00e4rmi oli k\u00fcllaga, sest k\u00f5ik meie partnerid on l\u00f5unamaise temperamendiga.<\/span><\/p>\n<p><span style=\"font-family: 'times new roman', times, serif; font-size: 12pt;\">P\u00fchap\u00e4ev oli linna p\u00e4ev ning hommikupooliku veetsime Rakvere linnuses, kus toreda giidi juhendamisel tutvusime selle ajalooga. M\u00f5\u00f5gav\u00f5itlus, p\u00fcssirohu valmistamine, vibu laskmine ja p\u00f5rgu k\u00fclastamine olid \u00fched meeleolukamad hetked sellest p\u00e4evast. K\u00fclalised j\u00f5udsid omap\u00e4i \u00fcles leida ka Kunda mere\u00e4\u00e4rse, mis p\u00e4\u00e4dis libedatel kividel \u201etalisuplusega\u201c. Meie tegusa p\u00e4eva l\u00f5petas \u00fchine \u00f5htus\u00f6\u00f6k.<\/span><\/p>\n<p><span style=\"font-family: 'times new roman', times, serif; font-size: 12pt;\">Projektikohtumise viimasel p\u00e4eval oli k\u00fclalistel eesti keele tund ja nad said ennast asetada korraks uussisser\u00e4ndajate laste rolli. Lisaks osaleti vaatlejatena erinevates ainetundides. Enne projektipartnerite lahkumist kogunesime veelkord, et jagada k\u00fclalistele Eesti \u201epassid\u201c ja anda kaasa head soovid pikale koduteele. Sellel \u00f5ppeaastal toimuvad veel projektikohtumised Itaalias ja Portugalis ning siis on kaasatud ka \u00f5pilased.<\/span><\/p>\n<\/div>\n","protected":false},"excerpt":{"rendered":"<p>25.- 30. oktoobrini v\u00f5\u00f5rustas Kiltsi P\u00f5hikool Erasmus+ projektipartnereid Bulgaariast, Hispaaniast, Itaaliast ja Portugalist. Esimesele kohtumisele saabusid \u201eRichness by diversity\u201c projekti koordinaatorid, \u00f5petajad ja koolide direktorid. Juba lennujaamas oli elevust palju, sest saabujaid tervitas esimene lumi.<\/p>\n","protected":false},"author":3,"featured_media":0,"comment_status":"closed","ping_status":"closed","sticky":false,"template":"","format":"standard","meta":{"footnotes":""},"categories":[14],"tags":[],"_links":{"self":[{"href":"https:\/\/kiltsimois.ee\/rbd\/wp-json\/wp\/v2\/posts\/1478"}],"collection":[{"href":"https:\/\/kiltsimois.ee\/rbd\/wp-json\/wp\/v2\/posts"}],"about":[{"href":"https:\/\/kiltsimois.ee\/rbd\/wp-json\/wp\/v2\/types\/post"}],"author":[{"embeddable":true,"href":"https:\/\/kiltsimois.ee\/rbd\/wp-json\/wp\/v2\/users\/3"}],"replies":[{"embeddable":true,"href":"https:\/\/kiltsimois.ee\/rbd\/wp-json\/wp\/v2\/comments?post=1478"}],"version-history":[{"count":8,"href":"https:\/\/kiltsimois.ee\/rbd\/wp-json\/wp\/v2\/posts\/1478\/revisions"}],"predecessor-version":[{"id":1543,"href":"https:\/\/kiltsimois.ee\/rbd\/wp-json\/wp\/v2\/posts\/1478\/revisions\/1543"}],"wp:attachment":[{"href":"https:\/\/kiltsimois.ee\/rbd\/wp-json\/wp\/v2\/media?parent=1478"}],"wp:term":[{"taxonomy":"category","embeddable":true,"href":"https:\/\/kiltsimois.ee\/rbd\/wp-json\/wp\/v2\/categories?post=1478"},{"taxonomy":"post_tag","embeddable":true,"href":"https:\/\/kiltsimois.ee\/rbd\/wp-json\/wp\/v2\/tags?post=1478"}],"curies":[{"name":"wp","href":"https:\/\/api.w.org\/{rel}","templated":true}]}}